{"id":3273,"date":"2025-04-30T12:59:50","date_gmt":"2025-04-30T10:59:50","guid":{"rendered":"https:\/\/cscpcmali.org\/?p=3273"},"modified":"2025-05-02T11:37:19","modified_gmt":"2025-05-02T09:37:19","slug":"celebration-de-lanniversaire-des-20-ans-de-laproca-a-garou-au-cameroun","status":"publish","type":"post","link":"https:\/\/cscpcmali.org\/index.php\/2025\/04\/30\/celebration-de-lanniversaire-des-20-ans-de-laproca-a-garou-au-cameroun\/","title":{"rendered":"CELEBRATION DE L&#8217;ANNIVERSAIRE DES 20 ANS DE L&#8217;AProCA A GAROU AU CAMEROUN"},"content":{"rendered":"<p>Le Mali \u00e0 travers la Confederation des Soci\u00e9t\u00e9s Cooperatives des Producteurs de Coton du 28 et 29 a prend part \u00e0 la celebration des 20 ans de l&#8217;AProCA au Cameroun a Garoua sous la Pr\u00e9sidence du Ministre de l&#8217;Agriculture et du d\u00e9veloppement rural du Cameroun.<\/p>\n<p>Elle C-SCPC est repr\u00e9sent\u00e9e par trois techniciens dont M.Vamara SANOGO (Membre de la commission d&#8217;organisation), Coordinateur; M.Bah BAGAYOKO Conseiller charg\u00e9 de l&#8217;Approvisionnement en Intrant et Appareil de Traitements (Membre de la commission d&#8217;organisation); M.Bocar Abdoulaye TOURE, Conseiller Juridique et deux producteurs dont M.Moussa TRAORE et M.Mahamadou FOFANA.<\/p>\n<p>Cette celebration a comme Objectifs:<\/p>\n<ul>\n<li><strong>G\u00e9n\u00e9ral<\/strong><\/li>\n<\/ul>\n<p>La c\u00e9l\u00e9bration des 20 ans d\u2019existence de l\u2019AProCA vise \u00e0 passer en revue les actions d\u00e9j\u00e0 entreprises par l\u2019organisation afin de renforcer ses capacit\u00e9s dans son r\u00f4le de repr\u00e9sentation, de d\u00e9fense, de plaidoyer et de lobbying.<\/p>\n<ul>\n<li><strong>Sp\u00e9cifiques<\/strong><\/li>\n<\/ul>\n<p>Les objectifs sp\u00e9cifiques sont\u00a0:<\/p>\n<ul>\n<li>Faire le bilan des actions et des activit\u00e9s de l\u2019AProCA depuis sa cr\u00e9ation ;<\/li>\n<li>D\u00e9finir de nouveaux axes de strat\u00e9gies d\u2019intervention pouvant contribuer \u00e0 l\u2019atteinte des objectifs, les buts et la vision de l\u2019AProCA\u00a0;<\/li>\n<li>Renforcer la visibilit\u00e9\u00a0et am\u00e9liorer l\u2019image de marque de l\u2019association\u00a0\u00e0 travers la communication et l\u2019information sur le r\u00f4le et les enjeux du positionnement des producteurs\u00a0;<\/li>\n<li>Renforcer les relations entre les acteurs de la fili\u00e8re et les partenaires techniques et financiers dans le cadre de la production cotonni\u00e8re et de l\u2019am\u00e9lioration de l\u2019autosuffisance alimentaire et nutritionnelle\u00a0;<\/li>\n<li>Renforcer et cristalliser l\u2019esprit d\u2019appartenance des plateformes nationales \u00e0 l\u2019AProCA;<\/li>\n<\/ul>\n<p>Les resultants attendus sont entre autres:<\/p>\n<p>Le bilan des r\u00e9alisations de l\u2019AProCA depuis sa cr\u00e9ation est capitalis\u00e9 ;<\/p>\n<ul>\n<li>De nouveaux axes strat\u00e9giques d\u2019intervention sont d\u00e9finis ;<\/li>\n<li>La visibilit\u00e9\u00a0et l\u2019image de marque de l\u2019association sont am\u00e9lior\u00e9es\u00a0;<\/li>\n<li>Les relations entre les acteurs de la fili\u00e8re et les partenaires techniques et financiers sont renforc\u00e9es dans le cadre de la production cotonni\u00e8re et de l\u2019am\u00e9lioration de l\u2019autosuffisance alimentaire et nutritionnelle\u00a0;<\/li>\n<li>L\u2019esprit d\u2019appartenance des plateformes nationales \u00e0 l\u2019AProCA est am\u00e9lior\u00e9 ;<\/li>\n<\/ul>\n<p>La delegation remercie le President de la Confederation de la Soci\u00e9t\u00e9s Cooperatives des Producteurs de Coton \u00e0 la personne de M.Yacouba TRAORE pour son leadership, qui a favoriser\u00a0 la participation du Mali a cet \u00e9v\u00e9nement qui marquera \u00e0 vie le parcours de l&#8217;AProCA.<\/p>\n<p>&nbsp;<\/p>\n<p><img fetchpriority=\"high\" decoding=\"async\" class=\"alignnone size-medium wp-image-3267\" src=\"https:\/\/cscpcmali.org\/wp-content\/uploads\/2025\/04\/photo_delegation_Mali1-300x225.jpg\" alt=\"\" width=\"300\" height=\"225\" srcset=\"https:\/\/cscpcmali.org\/wp-content\/uploads\/2025\/04\/photo_delegation_Mali1-300x225.jpg 300w, https:\/\/cscpcmali.org\/wp-content\/uploads\/2025\/04\/photo_delegation_Mali1-1024x768.jpg 1024w, https:\/\/cscpcmali.org\/wp-content\/uploads\/2025\/04\/photo_delegation_Mali1-768x576.jpg 768w, https:\/\/cscpcmali.org\/wp-content\/uploads\/2025\/04\/photo_delegation_Mali1-600x450.jpg 600w, https:\/\/cscpcmali.org\/wp-content\/uploads\/2025\/04\/photo_delegation_Mali1.jpg 1080w\" sizes=\"(max-width: 300px) 100vw, 300px\" \/> <img decoding=\"async\" class=\"alignnone size-medium wp-image-3266\" src=\"https:\/\/cscpcmali.org\/wp-content\/uploads\/2025\/04\/logo-219x300.jpg\" alt=\"\" width=\"219\" height=\"300\" srcset=\"https:\/\/cscpcmali.org\/wp-content\/uploads\/2025\/04\/logo-219x300.jpg 219w, https:\/\/cscpcmali.org\/wp-content\/uploads\/2025\/04\/logo-747x1024.jpg 747w, https:\/\/cscpcmali.org\/wp-content\/uploads\/2025\/04\/logo-600x823.jpg 600w, https:\/\/cscpcmali.org\/wp-content\/uploads\/2025\/04\/logo.jpg 752w\" sizes=\"(max-width: 219px) 100vw, 219px\" \/> <img decoding=\"async\" class=\"alignnone size-medium wp-image-3268\" src=\"https:\/\/cscpcmali.org\/wp-content\/uploads\/2025\/04\/remise_au_coordinateur-300x225.jpg\" alt=\"\" width=\"300\" height=\"225\" srcset=\"https:\/\/cscpcmali.org\/wp-content\/uploads\/2025\/04\/remise_au_coordinateur-300x225.jpg 300w, https:\/\/cscpcmali.org\/wp-content\/uploads\/2025\/04\/remise_au_coordinateur-1024x768.jpg 1024w, https:\/\/cscpcmali.org\/wp-content\/uploads\/2025\/04\/remise_au_coordinateur-768x576.jpg 768w, https:\/\/cscpcmali.org\/wp-content\/uploads\/2025\/04\/remise_au_coordinateur-600x450.jpg 600w, https:\/\/cscpcmali.org\/wp-content\/uploads\/2025\/04\/remise_au_coordinateur.jpg 1080w\" sizes=\"(max-width: 300px) 100vw, 300px\" \/><\/p>\n","protected":false},"excerpt":{"rendered":"<p>Le Mali \u00e0 travers la Confederation des Soci\u00e9t\u00e9s Cooperatives des Producteurs de Coton du 28 et 29 a prend part \u00e0 la celebration des 20 ans de l&#8217;AProCA au Cameroun a Garoua sous la Pr\u00e9sidence du Ministre de l&#8217;Agriculture et du d\u00e9veloppement rural du Cameroun. Elle C-SCPC est repr\u00e9sent\u00e9e par trois techniciens dont M.Vamara SANOGO&#8230;<\/p>\n","protected":false},"author":2,"featured_media":3266,"comment_status":"open","ping_status":"open","sticky":false,"template":"","format":"standard","meta":{"_monsterinsights_skip_tracking":false,"_monsterinsights_sitenote_active":false,"_monsterinsights_sitenote_note":"","_monsterinsights_sitenote_category":0,"footnotes":""},"categories":[47,46],"tags":[53,52,54,55],"class_list":["post-3273","post","type-post","status-publish","format-standard","has-post-thumbnail","hentry","category-actualites","category-partenariat","tag-aproca","tag-c-scpc","tag-cameroun","tag-garoua","item-inner"],"aioseo_notices":[],"_links":{"self":[{"href":"https:\/\/cscpcmali.org\/index.php\/wp-json\/wp\/v2\/posts\/3273","targetHints":{"allow":["GET"]}}],"collection":[{"href":"https:\/\/cscpcmali.org\/index.php\/wp-json\/wp\/v2\/posts"}],"about":[{"href":"https:\/\/cscpcmali.org\/index.php\/wp-json\/wp\/v2\/types\/post"}],"author":[{"embeddable":true,"href":"https:\/\/cscpcmali.org\/index.php\/wp-json\/wp\/v2\/users\/2"}],"replies":[{"embeddable":true,"href":"https:\/\/cscpcmali.org\/index.php\/wp-json\/wp\/v2\/comments?post=3273"}],"version-history":[{"count":3,"href":"https:\/\/cscpcmali.org\/index.php\/wp-json\/wp\/v2\/posts\/3273\/revisions"}],"predecessor-version":[{"id":3276,"href":"https:\/\/cscpcmali.org\/index.php\/wp-json\/wp\/v2\/posts\/3273\/revisions\/3276"}],"wp:featuredmedia":[{"embeddable":true,"href":"https:\/\/cscpcmali.org\/index.php\/wp-json\/wp\/v2\/media\/3266"}],"wp:attachment":[{"href":"https:\/\/cscpcmali.org\/index.php\/wp-json\/wp\/v2\/media?parent=3273"}],"wp:term":[{"taxonomy":"category","embeddable":true,"href":"https:\/\/cscpcmali.org\/index.php\/wp-json\/wp\/v2\/categories?post=3273"},{"taxonomy":"post_tag","embeddable":true,"href":"https:\/\/cscpcmali.org\/index.php\/wp-json\/wp\/v2\/tags?post=3273"}],"curies":[{"name":"wp","href":"https:\/\/api.w.org\/{rel}","templated":true}]}}